{"id":905,"date":"2020-09-24T11:50:46","date_gmt":"2020-09-24T11:50:46","guid":{"rendered":"http:\/\/www.accs.pt\/accs\/?p=905"},"modified":"2020-09-24T15:37:34","modified_gmt":"2020-09-24T15:37:34","slug":"rrb-2020-informacao-1","status":"publish","type":"post","link":"https:\/\/www.accs.pt\/accs\/2020\/09\/24\/rrb-2020-informacao-1\/","title":{"rendered":"RRB 2020 &#8211; Informa\u00e7\u00e3o 2"},"content":{"rendered":"\n<figure class=\"wp-block-image size-large is-resized\"><img loading=\"lazy\" decoding=\"async\" src=\"http:\/\/www.accs.pt\/accs\/wp-content\/uploads\/2020\/08\/rali_cabecalho_RB_2020-1024x435.jpg\" alt=\"\" class=\"wp-image-862\" width=\"494\" height=\"210\" srcset=\"https:\/\/www.accs.pt\/accs\/wp-content\/uploads\/2020\/08\/rali_cabecalho_RB_2020-1024x435.jpg 1024w, https:\/\/www.accs.pt\/accs\/wp-content\/uploads\/2020\/08\/rali_cabecalho_RB_2020-300x128.jpg 300w, https:\/\/www.accs.pt\/accs\/wp-content\/uploads\/2020\/08\/rali_cabecalho_RB_2020-768x326.jpg 768w, https:\/\/www.accs.pt\/accs\/wp-content\/uploads\/2020\/08\/rali_cabecalho_RB_2020-1536x653.jpg 1536w, https:\/\/www.accs.pt\/accs\/wp-content\/uploads\/2020\/08\/rali_cabecalho_RB_2020-2048x871.jpg 2048w\" sizes=\"auto, (max-width: 494px) 100vw, 494px\" \/><\/figure>\n\n\n\n<p>Os concorrentes interessados em deixar a viatura de competi\u00e7\u00e3o na Ribeira Brava do dia 25 para o dia 26, poder\u00e3o faz\u00ea-lo deixando-a no parque de estacionamento junto \u00e0 Camara Municipal entre as 20h30\u2019 e as 21h30\u2019 do dia 25 de setembro.<br>Este espa\u00e7o estar\u00e1 completamente fechado ap\u00f3s as 21h30\u2019 com o fecho dos port\u00f5es existentes, pelo que solicitamos aos interessados que estacionem antes dessa hora.<br>A Comiss\u00e3o Organizadora declina qualquer responsabilidade nesta situa\u00e7\u00e3o, estando as viaturas \u00e0 inteira responsabilidade dos seus propriet\u00e1rios\/utilizadores.<br><\/p>\n\n\n\n<div class=\"wp-block-file\"><a href=\"http:\/\/www.accs.pt\/accs\/wp-content\/uploads\/2020\/09\/RRB2020-INFORMACAO-2.pdf\">RRB2020-INFORMACAO-2<\/a><a href=\"http:\/\/www.accs.pt\/accs\/wp-content\/uploads\/2020\/09\/RRB2020-INFORMACAO-2.pdf\" class=\"wp-block-file__button\" download>Descarregar<\/a><\/div>\n\n\n\n<p>Ribeira Brava, 24 setembro 2020<\/p>\n","protected":false},"excerpt":{"rendered":"<div class=\"slide-text-bg2\">\n<h3>Os concorrentes interessados em deixar a viatura de competi\u00e7\u00e3o na Ribeira Brava do dia 25 para o dia 26, poder\u00e3o<\/h3>\n<\/div>\n<div class=\"flex-btn-div\"><a href=\"https:\/\/www.accs.pt\/accs\/2020\/09\/24\/rrb-2020-informacao-1\/\" class=\"btn1 flex-btn\">Ler mais<\/a><\/div>\n","protected":false},"author":1,"featured_media":0,"comment_status":"closed","ping_status":"open","sticky":false,"template":"","format":"standard","meta":{"footnotes":""},"categories":[14,3],"tags":[],"class_list":["post-905","post","type-post","status-publish","format-standard","hentry","category-rali-ribeira-brava-2020","category-ralis"],"_links":{"self":[{"href":"https:\/\/www.accs.pt\/accs\/wp-json\/wp\/v2\/posts\/905","targetHints":{"allow":["GET"]}}],"collection":[{"href":"https:\/\/www.accs.pt\/accs\/wp-json\/wp\/v2\/posts"}],"about":[{"href":"https:\/\/www.accs.pt\/accs\/wp-json\/wp\/v2\/types\/post"}],"author":[{"embeddable":true,"href":"https:\/\/www.accs.pt\/accs\/wp-json\/wp\/v2\/users\/1"}],"replies":[{"embeddable":true,"href":"https:\/\/www.accs.pt\/accs\/wp-json\/wp\/v2\/comments?post=905"}],"version-history":[{"count":2,"href":"https:\/\/www.accs.pt\/accs\/wp-json\/wp\/v2\/posts\/905\/revisions"}],"predecessor-version":[{"id":909,"href":"https:\/\/www.accs.pt\/accs\/wp-json\/wp\/v2\/posts\/905\/revisions\/909"}],"wp:attachment":[{"href":"https:\/\/www.accs.pt\/accs\/wp-json\/wp\/v2\/media?parent=905"}],"wp:term":[{"taxonomy":"category","embeddable":true,"href":"https:\/\/www.accs.pt\/accs\/wp-json\/wp\/v2\/categories?post=905"},{"taxonomy":"post_tag","embeddable":true,"href":"https:\/\/www.accs.pt\/accs\/wp-json\/wp\/v2\/tags?post=905"}],"curies":[{"name":"wp","href":"https:\/\/api.w.org\/{rel}","templated":true}]}}