{"id":853,"date":"2020-03-18T19:40:53","date_gmt":"2020-03-18T19:40:53","guid":{"rendered":"http:\/\/www.accs.pt\/accs\/?p=853"},"modified":"2020-03-18T19:40:54","modified_gmt":"2020-03-18T19:40:54","slug":"convocatoria-da-proxima-assembleia-geral-ordinaria-do-accs","status":"publish","type":"post","link":"https:\/\/www.accs.pt\/accs\/2020\/03\/18\/convocatoria-da-proxima-assembleia-geral-ordinaria-do-accs\/","title":{"rendered":"Convocat\u00f3ria da pr\u00f3xima Assembleia Geral Ordin\u00e1ria do ACCS"},"content":{"rendered":"\n<p>Considerando as circunst\u00e2ncias actuais e dando seguimento \u00e0s normas e procedimentos emanadas pelas autoridades regionais no combate \u00e0 propaga\u00e7\u00e3o da pandemia relacionada com o v\u00edrus COVID-19, informo os nossos s\u00f3cios que a Assembleia Geral Ordin\u00e1ria a ser realizada neste m\u00eas, ser\u00e1 adiada para data a anunciar oportunamente, logo que a situa\u00e7\u00e3o nos permita.<\/p>\n\n\n\n<p>Santa Cruz, 19 de Mar\u00e7o de 2020<\/p>\n\n\n\n<p>O Presidente da Assembleia Geral<\/p>\n\n\n\n<p>Luis Gabriel Andrade Rodrigues<\/p>\n","protected":false},"excerpt":{"rendered":"<div class=\"slide-text-bg2\">\n<h3>Considerando as circunst\u00e2ncias actuais e dando seguimento \u00e0s normas e procedimentos emanadas pelas autoridades regionais no combate \u00e0 propaga\u00e7\u00e3o da<\/h3>\n<\/div>\n<div class=\"flex-btn-div\"><a href=\"https:\/\/www.accs.pt\/accs\/2020\/03\/18\/convocatoria-da-proxima-assembleia-geral-ordinaria-do-accs\/\" class=\"btn1 flex-btn\">Ler mais<\/a><\/div>\n","protected":false},"author":1,"featured_media":0,"comment_status":"closed","ping_status":"open","sticky":false,"template":"","format":"standard","meta":{"footnotes":""},"categories":[1],"tags":[],"class_list":["post-853","post","type-post","status-publish","format-standard","hentry","category-uncategorized"],"_links":{"self":[{"href":"https:\/\/www.accs.pt\/accs\/wp-json\/wp\/v2\/posts\/853","targetHints":{"allow":["GET"]}}],"collection":[{"href":"https:\/\/www.accs.pt\/accs\/wp-json\/wp\/v2\/posts"}],"about":[{"href":"https:\/\/www.accs.pt\/accs\/wp-json\/wp\/v2\/types\/post"}],"author":[{"embeddable":true,"href":"https:\/\/www.accs.pt\/accs\/wp-json\/wp\/v2\/users\/1"}],"replies":[{"embeddable":true,"href":"https:\/\/www.accs.pt\/accs\/wp-json\/wp\/v2\/comments?post=853"}],"version-history":[{"count":1,"href":"https:\/\/www.accs.pt\/accs\/wp-json\/wp\/v2\/posts\/853\/revisions"}],"predecessor-version":[{"id":854,"href":"https:\/\/www.accs.pt\/accs\/wp-json\/wp\/v2\/posts\/853\/revisions\/854"}],"wp:attachment":[{"href":"https:\/\/www.accs.pt\/accs\/wp-json\/wp\/v2\/media?parent=853"}],"wp:term":[{"taxonomy":"category","embeddable":true,"href":"https:\/\/www.accs.pt\/accs\/wp-json\/wp\/v2\/categories?post=853"},{"taxonomy":"post_tag","embeddable":true,"href":"https:\/\/www.accs.pt\/accs\/wp-json\/wp\/v2\/tags?post=853"}],"curies":[{"name":"wp","href":"https:\/\/api.w.org\/{rel}","templated":true}]}}