{"id":490,"date":"2018-04-24T10:20:50","date_gmt":"2018-04-24T10:20:50","guid":{"rendered":"http:\/\/accs.pt\/accs\/?p=490"},"modified":"2018-04-29T19:22:58","modified_gmt":"2018-04-29T19:22:58","slug":"agradecimento-xx-rali-porto-santo-line-2018","status":"publish","type":"post","link":"https:\/\/www.accs.pt\/accs\/2018\/04\/24\/agradecimento-xx-rali-porto-santo-line-2018\/","title":{"rendered":"Agradecimento XX Rali Porto Santo Line 2018"},"content":{"rendered":"<p><img loading=\"lazy\" decoding=\"async\" class=\"aligncenter size-full wp-image-491\" src=\"http:\/\/accs.pt\/accs\/wp-content\/uploads\/2018\/04\/cover_rpsl_facebook_FINAL_rali.jpg\" alt=\"\" width=\"820\" height=\"312\" srcset=\"https:\/\/www.accs.pt\/accs\/wp-content\/uploads\/2018\/04\/cover_rpsl_facebook_FINAL_rali.jpg 820w, https:\/\/www.accs.pt\/accs\/wp-content\/uploads\/2018\/04\/cover_rpsl_facebook_FINAL_rali-300x114.jpg 300w, https:\/\/www.accs.pt\/accs\/wp-content\/uploads\/2018\/04\/cover_rpsl_facebook_FINAL_rali-768x292.jpg 768w\" sizes=\"auto, (max-width: 820px) 100vw, 820px\" \/><br \/>\nFinda a Edi\u00e7\u00e3o que marca os 20 anos de automobilismo na ilha do Porto Santo, com o sucesso desportivo e social reconhecido por todos, importa destacar os v\u00e1rios contributos.<\/p>\n<p>O Autom\u00f3vel Clube Concelho Santacruz e a Porto Santo Line agradecem a imprescind\u00edvel apoio do Munic\u00edpio do Porto Santo, da Empresa de Cervejas da Madeira, da Dire\u00e7\u00e3o Regional da Administra\u00e7\u00e3o P\u00fablica do Porto Santo, da Dire\u00e7\u00e3o Regional de Juventude e Desporto.<\/p>\n<p>A Organiza\u00e7\u00e3o agradece ainda colabora\u00e7\u00e3o da D<span class=\"text_exposed_show\">irec\u00e7\u00e3o Regional de Turismo, da Moinho Rent-a-Car, dos Bombeiros Volunt\u00e1rios do Porto Santo, dos Bombeiros Volunt\u00e1rios Madeirenses, da Policia de Seguran\u00e7a P\u00fablica, o C. S Madeira\/Rali Vinho Madeira, o C.D. Nacional, Casa do Povo de Santa Cruz, Amaweb e Duplip\u00e9lago.<\/span><\/p>\n<div class=\"text_exposed_show\">\n<p>A excelente cobertura da prova feita pela RTP- Madeira, Antena 3, TSF\/R\u00e1dio Praia e R\u00e1dio Calheta e a todos os outros meios de comunica\u00e7\u00e3o, que abrilhantou de sobremaneira o Rali Porto Santo Line, a qual agradecemos.<\/p>\n<p>Por fim uma palavra muito especial de agradecimento para todos os volunt\u00e1rios, nomeadamente, M\u00e9dicos, Enfermeiros, Controladores, Comiss\u00e1rios T\u00e9cnicos, Comiss\u00e1rios de Estrada, Chefes e Subchefes de seguran\u00e7a, respons\u00e1veis pela montagem e desmontagem dos tro\u00e7os, os respons\u00e1veis pela log\u00edstica, que nos bastidores garantiram a alimenta\u00e7\u00e3o da organiza\u00e7\u00e3o.<\/p>\n<p>A todas as empresas e entidades p\u00fablicas e volunt\u00e1rios, a Comiss\u00e3o Organizadora agradece o esfor\u00e7o e contributo ao Rali Porto Santo Line 2018.<\/p>\n<p>A todos bem hajam!&#8230; e at\u00e9 2019.<\/p>\n<p>A Comiss\u00e3o Organizadora<\/p>\n<\/div>\n","protected":false},"excerpt":{"rendered":"<div class=\"slide-text-bg2\">\n<h3>Finda a Edi\u00e7\u00e3o que marca os 20 anos de automobilismo na ilha do Porto Santo, com o sucesso desportivo e<\/h3>\n<\/div>\n<div class=\"flex-btn-div\"><a href=\"https:\/\/www.accs.pt\/accs\/2018\/04\/24\/agradecimento-xx-rali-porto-santo-line-2018\/\" class=\"btn1 flex-btn\">Ler mais<\/a><\/div>\n","protected":false},"author":1,"featured_media":0,"comment_status":"closed","ping_status":"open","sticky":false,"template":"","format":"standard","meta":{"footnotes":""},"categories":[3,8],"tags":[6,7,5,4],"class_list":["post-490","post","type-post","status-publish","format-standard","hentry","category-ralis","category-xx_rali_porto_santo_line","tag-6","tag-rali","tag-rali-porto-santo-line","tag-rpsl"],"_links":{"self":[{"href":"https:\/\/www.accs.pt\/accs\/wp-json\/wp\/v2\/posts\/490","targetHints":{"allow":["GET"]}}],"collection":[{"href":"https:\/\/www.accs.pt\/accs\/wp-json\/wp\/v2\/posts"}],"about":[{"href":"https:\/\/www.accs.pt\/accs\/wp-json\/wp\/v2\/types\/post"}],"author":[{"embeddable":true,"href":"https:\/\/www.accs.pt\/accs\/wp-json\/wp\/v2\/users\/1"}],"replies":[{"embeddable":true,"href":"https:\/\/www.accs.pt\/accs\/wp-json\/wp\/v2\/comments?post=490"}],"version-history":[{"count":1,"href":"https:\/\/www.accs.pt\/accs\/wp-json\/wp\/v2\/posts\/490\/revisions"}],"predecessor-version":[{"id":492,"href":"https:\/\/www.accs.pt\/accs\/wp-json\/wp\/v2\/posts\/490\/revisions\/492"}],"wp:attachment":[{"href":"https:\/\/www.accs.pt\/accs\/wp-json\/wp\/v2\/media?parent=490"}],"wp:term":[{"taxonomy":"category","embeddable":true,"href":"https:\/\/www.accs.pt\/accs\/wp-json\/wp\/v2\/categories?post=490"},{"taxonomy":"post_tag","embeddable":true,"href":"https:\/\/www.accs.pt\/accs\/wp-json\/wp\/v2\/tags?post=490"}],"curies":[{"name":"wp","href":"https:\/\/api.w.org\/{rel}","templated":true}]}}