{"id":1664,"date":"2025-07-14T19:56:56","date_gmt":"2025-07-14T19:56:56","guid":{"rendered":"https:\/\/www.accs.pt\/accs\/?p=1664"},"modified":"2025-07-14T19:56:56","modified_gmt":"2025-07-14T19:56:56","slug":"comunicado-accs-rampa-do-santacruzense-2025","status":"publish","type":"post","link":"https:\/\/www.accs.pt\/accs\/2025\/07\/14\/comunicado-accs-rampa-do-santacruzense-2025\/","title":{"rendered":"Comunicado ACCS Rampa do Santacruzense 2025"},"content":{"rendered":"<div class=\"wp-block-image\">\n<figure class=\"aligncenter size-full\"><img loading=\"lazy\" decoding=\"async\" width=\"250\" height=\"90\" src=\"http:\/\/www.accs.pt\/accs\/wp-content\/uploads\/2018\/03\/cropped-logo.png\" alt=\"\" class=\"wp-image-957\"\/><\/figure>\n<\/div>\n\n\n<p>O ACCS \u2013 Autom\u00f3vel Club Concelho de Santacruz para o calend\u00e1rio de 2025, tinha para os dias 3 e 4 de outubro, programado organizar a 10\u00aa Edi\u00e7\u00e3o da Rampa Regional da S. C. Santacruzense \/ IC Publicidade 2025.  <\/p>\n\n\n\n<p>Em virtude de na mesma data, realizar-se o Eco Rally Madeira, prova esta sobre a \u00e9gide da FIA e porque no tra\u00e7ado da mesma estar previsto utiliza\u00e7\u00e3o do mesmo percurso da Rampa, a Dire\u00e7\u00e3o do ACCS ap\u00f3s contato da FPAK e em conson\u00e2ncia com o seu principal parceiro, decidiu alterar data a inicial da realiza\u00e7\u00e3o da Rampa para os dias 17 e 18 de outubro de 2025. <\/p>\n\n\n\n<p>Agradecemos desde j\u00e1 a maior compreens\u00e3o de todos os envolvidos, estando certos, que teremos o apoio de todos, para que esta edi\u00e7\u00e3o seja um sucesso. <\/p>\n\n\n\n<p>Com os melhores cumprimentos, <\/p>\n\n\n\n<p>Santa Cruz, 14 de julho de 2025 <\/p>\n\n\n\n<p>De V. Exas.<\/p>\n\n\n\n<p> Atentamente <\/p>\n\n\n\n<p>O Presidente da Dire\u00e7\u00e3o<\/p>\n\n\n\n<div data-wp-interactive=\"core\/file\" class=\"wp-block-file\"><object data-wp-bind--hidden=\"!state.hasPdfPreview\" hidden class=\"wp-block-file__embed\" data=\"https:\/\/www.accs.pt\/accs\/wp-content\/uploads\/2025\/07\/Comunicado-Rampa-SCS-2025-1.pdf\" type=\"application\/pdf\" style=\"width:100%;height:600px\" aria-label=\"Incorpora\u00e7\u00e3o de Comunicado Rampa SCS 2025-1.\"><\/object><a id=\"wp-block-file--media-859d8016-0997-4f34-b46d-ca7ca26747d0\" href=\"https:\/\/www.accs.pt\/accs\/wp-content\/uploads\/2025\/07\/Comunicado-Rampa-SCS-2025-1.pdf\">Comunicado Rampa SCS 2025-1<\/a><a href=\"https:\/\/www.accs.pt\/accs\/wp-content\/uploads\/2025\/07\/Comunicado-Rampa-SCS-2025-1.pdf\" class=\"wp-block-file__button wp-element-button\" download aria-describedby=\"wp-block-file--media-859d8016-0997-4f34-b46d-ca7ca26747d0\">Descarregar<\/a><\/div>\n\n\n\n<p><\/p>\n","protected":false},"excerpt":{"rendered":"<div class=\"slide-text-bg2\">\n<h3>O ACCS \u2013 Autom\u00f3vel Club Concelho de Santacruz para o calend\u00e1rio de 2025, tinha para os dias 3 e 4<\/h3>\n<\/div>\n<div class=\"flex-btn-div\"><a href=\"https:\/\/www.accs.pt\/accs\/2025\/07\/14\/comunicado-accs-rampa-do-santacruzense-2025\/\" class=\"btn1 flex-btn\">Ler mais<\/a><\/div>\n","protected":false},"author":1,"featured_media":0,"comment_status":"closed","ping_status":"open","sticky":false,"template":"","format":"standard","meta":{"footnotes":""},"categories":[1],"tags":[],"class_list":["post-1664","post","type-post","status-publish","format-standard","hentry","category-uncategorized"],"_links":{"self":[{"href":"https:\/\/www.accs.pt\/accs\/wp-json\/wp\/v2\/posts\/1664","targetHints":{"allow":["GET"]}}],"collection":[{"href":"https:\/\/www.accs.pt\/accs\/wp-json\/wp\/v2\/posts"}],"about":[{"href":"https:\/\/www.accs.pt\/accs\/wp-json\/wp\/v2\/types\/post"}],"author":[{"embeddable":true,"href":"https:\/\/www.accs.pt\/accs\/wp-json\/wp\/v2\/users\/1"}],"replies":[{"embeddable":true,"href":"https:\/\/www.accs.pt\/accs\/wp-json\/wp\/v2\/comments?post=1664"}],"version-history":[{"count":1,"href":"https:\/\/www.accs.pt\/accs\/wp-json\/wp\/v2\/posts\/1664\/revisions"}],"predecessor-version":[{"id":1666,"href":"https:\/\/www.accs.pt\/accs\/wp-json\/wp\/v2\/posts\/1664\/revisions\/1666"}],"wp:attachment":[{"href":"https:\/\/www.accs.pt\/accs\/wp-json\/wp\/v2\/media?parent=1664"}],"wp:term":[{"taxonomy":"category","embeddable":true,"href":"https:\/\/www.accs.pt\/accs\/wp-json\/wp\/v2\/categories?post=1664"},{"taxonomy":"post_tag","embeddable":true,"href":"https:\/\/www.accs.pt\/accs\/wp-json\/wp\/v2\/tags?post=1664"}],"curies":[{"name":"wp","href":"https:\/\/api.w.org\/{rel}","templated":true}]}}