{"id":1202,"date":"2022-09-12T17:09:55","date_gmt":"2022-09-12T17:09:55","guid":{"rendered":"https:\/\/www.accs.pt\/accs\/?p=1202"},"modified":"2022-09-17T18:35:44","modified_gmt":"2022-09-17T18:35:44","slug":"super-especial","status":"publish","type":"post","link":"https:\/\/www.accs.pt\/accs\/2022\/09\/12\/super-especial\/","title":{"rendered":"Super Especial &#8211; Rampa S.C. Santacruzense &#8211; IC Publicidade 2022"},"content":{"rendered":"<div class=\"wp-block-image\">\n<figure class=\"aligncenter size-full\"><img loading=\"lazy\" decoding=\"async\" width=\"987\" height=\"567\" src=\"http:\/\/www.accs.pt\/accs\/wp-content\/uploads\/2022\/09\/logo_para_numeros_porta.jpg\" alt=\"\" class=\"wp-image-1185\" srcset=\"https:\/\/www.accs.pt\/accs\/wp-content\/uploads\/2022\/09\/logo_para_numeros_porta.jpg 987w, https:\/\/www.accs.pt\/accs\/wp-content\/uploads\/2022\/09\/logo_para_numeros_porta-300x172.jpg 300w, https:\/\/www.accs.pt\/accs\/wp-content\/uploads\/2022\/09\/logo_para_numeros_porta-768x441.jpg 768w\" sizes=\"auto, (max-width: 987px) 100vw, 987px\" \/><\/figure>\n<\/div>\n\n\n<p>A Rampa SCS &#8211; IC Publicidade ir\u00e1 contar este ano com uma super especial que se ir\u00e1 realizar na sexta feira, 23 de setembro, no Santo da Serra.<\/p>\n\n\n\n<p>O percurso da prova espet\u00e1culo \u00e9 o seguinte: <\/p>\n\n\n<div class=\"wp-block-image\">\n<figure class=\"aligncenter size-large\"><img loading=\"lazy\" decoding=\"async\" width=\"1024\" height=\"477\" src=\"https:\/\/www.accs.pt\/accs\/wp-content\/uploads\/2022\/09\/Mapa-SE-Santo-Antonio-da-Serra-1024x477.png\" alt=\"\" class=\"wp-image-1203\" srcset=\"https:\/\/www.accs.pt\/accs\/wp-content\/uploads\/2022\/09\/Mapa-SE-Santo-Antonio-da-Serra-1024x477.png 1024w, https:\/\/www.accs.pt\/accs\/wp-content\/uploads\/2022\/09\/Mapa-SE-Santo-Antonio-da-Serra-300x140.png 300w, https:\/\/www.accs.pt\/accs\/wp-content\/uploads\/2022\/09\/Mapa-SE-Santo-Antonio-da-Serra-768x358.png 768w, https:\/\/www.accs.pt\/accs\/wp-content\/uploads\/2022\/09\/Mapa-SE-Santo-Antonio-da-Serra-1536x715.png 1536w, https:\/\/www.accs.pt\/accs\/wp-content\/uploads\/2022\/09\/Mapa-SE-Santo-Antonio-da-Serra.png 1918w\" sizes=\"auto, (max-width: 1024px) 100vw, 1024px\" \/><figcaption>Mapa da Super Especial.<\/figcaption><\/figure>\n<\/div>\n\n\n<p>Video do percurso da Super Especial:<\/p>\n\n\n\n<figure class=\"wp-block-embed is-type-video is-provider-youtube wp-block-embed-youtube wp-embed-aspect-16-9 wp-has-aspect-ratio\"><div class=\"wp-block-embed__wrapper\">\n<iframe loading=\"lazy\" title=\"Rampa SC Santacruzense - IC Publicidade 2022 - Super Especial Santo Ant\u00f3nio da Serra\" width=\"600\" height=\"338\" src=\"https:\/\/www.youtube.com\/embed\/96gJy893RbI?feature=oembed\" frameborder=\"0\" allow=\"accelerometer; autoplay; clipboard-write; encrypted-media; gyroscope; picture-in-picture; web-share\" referrerpolicy=\"strict-origin-when-cross-origin\" allowfullscreen><\/iframe>\n<\/div><\/figure>\n\n\n\n<p><\/p>\n\n\n\n<p>Na segunda feira, dia 19 de setembro, teremos os reconhecimentos da super especial, Como tal existir\u00e3o condicionamentos de tr\u00e2nsito na Freguesia de Santo Ant\u00f3nio da Serra.<\/p>\n\n\n\n<div data-wp-interactive=\"core\/file\" class=\"wp-block-file\"><object data-wp-bind--hidden=\"!state.hasPdfPreview\" hidden class=\"wp-block-file__embed\" data=\"http:\/\/www.accs.pt\/accs\/wp-content\/uploads\/2022\/09\/Edital_Rampa-do-SC-Santacruzense_19_09_22.pdf\" type=\"application\/pdf\" style=\"width:100%;height:600px\" aria-label=\"Incorpora\u00e7\u00e3o de Incorpora\u00e7\u00e3o de Edital_Rampa-do-SC-Santacruzense_19_09_22..\"><\/object><a id=\"wp-block-file--media-b49d2e05-69a9-4fb3-9ef3-f95b32fe0c5c\" href=\"http:\/\/www.accs.pt\/accs\/wp-content\/uploads\/2022\/09\/Edital_Rampa-do-SC-Santacruzense_19_09_22.pdf\">Edital_Rampa-do-SC-Santacruzense_19_09_22<\/a><a href=\"http:\/\/www.accs.pt\/accs\/wp-content\/uploads\/2022\/09\/Edital_Rampa-do-SC-Santacruzense_19_09_22.pdf\" class=\"wp-block-file__button\" download aria-describedby=\"wp-block-file--media-b49d2e05-69a9-4fb3-9ef3-f95b32fe0c5c\">Descarregar<\/a><\/div>\n","protected":false},"excerpt":{"rendered":"<div class=\"slide-text-bg2\">\n<h3>A Rampa SCS &#8211; IC Publicidade ir\u00e1 contar este ano com uma super especial que se ir\u00e1 realizar na sexta<\/h3>\n<\/div>\n<div class=\"flex-btn-div\"><a href=\"https:\/\/www.accs.pt\/accs\/2022\/09\/12\/super-especial\/\" class=\"btn1 flex-btn\">Ler mais<\/a><\/div>\n","protected":false},"author":1,"featured_media":0,"comment_status":"closed","ping_status":"open","sticky":false,"template":"","format":"standard","meta":{"footnotes":""},"categories":[23],"tags":[],"class_list":["post-1202","post","type-post","status-publish","format-standard","hentry","category-rampa-scs-2022"],"_links":{"self":[{"href":"https:\/\/www.accs.pt\/accs\/wp-json\/wp\/v2\/posts\/1202","targetHints":{"allow":["GET"]}}],"collection":[{"href":"https:\/\/www.accs.pt\/accs\/wp-json\/wp\/v2\/posts"}],"about":[{"href":"https:\/\/www.accs.pt\/accs\/wp-json\/wp\/v2\/types\/post"}],"author":[{"embeddable":true,"href":"https:\/\/www.accs.pt\/accs\/wp-json\/wp\/v2\/users\/1"}],"replies":[{"embeddable":true,"href":"https:\/\/www.accs.pt\/accs\/wp-json\/wp\/v2\/comments?post=1202"}],"version-history":[{"count":5,"href":"https:\/\/www.accs.pt\/accs\/wp-json\/wp\/v2\/posts\/1202\/revisions"}],"predecessor-version":[{"id":1214,"href":"https:\/\/www.accs.pt\/accs\/wp-json\/wp\/v2\/posts\/1202\/revisions\/1214"}],"wp:attachment":[{"href":"https:\/\/www.accs.pt\/accs\/wp-json\/wp\/v2\/media?parent=1202"}],"wp:term":[{"taxonomy":"category","embeddable":true,"href":"https:\/\/www.accs.pt\/accs\/wp-json\/wp\/v2\/categories?post=1202"},{"taxonomy":"post_tag","embeddable":true,"href":"https:\/\/www.accs.pt\/accs\/wp-json\/wp\/v2\/tags?post=1202"}],"curies":[{"name":"wp","href":"https:\/\/api.w.org\/{rel}","templated":true}]}}